{"id":5020,"date":"2026-01-29T10:20:11","date_gmt":"2026-01-29T09:20:11","guid":{"rendered":"https:\/\/cineclubbedarieux.fr\/?p=5020"},"modified":"2026-06-07T09:40:51","modified_gmt":"2026-06-07T07:40:51","slug":"cine-club-enfants-la-grande-course-au-fromage-mercredi-4-mars-14h30-a-la-mediatheque","status":"publish","type":"post","link":"https:\/\/cineclubbedarieux.fr\/index.php\/2026\/01\/29\/cine-club-enfants-la-grande-course-au-fromage-mercredi-4-mars-14h30-a-la-mediatheque\/","title":{"rendered":"Cin\u00e9-club enfants \u00ab\u00a0La grande course au fromage\u00a0\u00bb mercredi 4 mars 14h30 \u00e0 la m\u00e9diath\u00e8que"},"content":{"rendered":"\n<p class=\"wp-block-paragraph\"><strong>Rasmus A. Sivertsen, 2015 , Norv\u00e8ge  1h18<\/strong> <strong>Adapt\u00e9 de l&rsquo;univers de l&rsquo;auteur norv\u00e9gien Kjell Aukrust<\/strong><\/p>\n\n\n\n<p class=\"has-black-color has-text-color has-link-color wp-elements-ea29b7eb130efe7bde1bdeafdd573c50 wp-block-paragraph\"><br><strong>Solan et ses amis  veulent gagner  la grande course au Fromage sous peine de perdre leur maison. Mais des adversaires redoutables l&rsquo;attendent&#8230;.<\/strong><\/p>\n\n\n\n<p class=\"has-text-align-center has-vivid-red-color has-text-color has-link-color has-medium-font-size wp-elements-98aabe49478c54c43de15ac593d6302e wp-block-paragraph\"><strong>Une aventure fantasque et originale pleine de rebondissements<\/strong><\/p>\n\n\n<div class=\"wp-block-image\">\n<figure class=\"aligncenter size-full is-resized\"><img loading=\"lazy\" decoding=\"async\" width=\"820\" height=\"461\" src=\"https:\/\/cineclubbedarieux.fr\/wp-content\/uploads\/2026\/01\/la-grande-course-au-fromage2.jpg\" alt=\"\" class=\"wp-image-5023\" style=\"width:646px;height:auto\" srcset=\"https:\/\/cineclubbedarieux.fr\/wp-content\/uploads\/2026\/01\/la-grande-course-au-fromage2.jpg 820w, https:\/\/cineclubbedarieux.fr\/wp-content\/uploads\/2026\/01\/la-grande-course-au-fromage2-300x169.jpg 300w, https:\/\/cineclubbedarieux.fr\/wp-content\/uploads\/2026\/01\/la-grande-course-au-fromage2-768x432.jpg 768w\" sizes=\"auto, (max-width: 820px) 100vw, 820px\" \/><\/figure>\n<\/div>\n\n\n<p class=\"has-text-align-center has-vivid-red-color has-text-color has-link-color has-medium-font-size wp-elements-2bd6c199d60e06db7fddb470296ee776 wp-block-paragraph\"><\/p>\n\n\n\n<p class=\"has-drop-cap has-vivid-cyan-blue-color has-text-color has-link-color wp-elements-747473251b8daa01ef34a9ffce7aaeb3 wp-block-paragraph\"><strong>Ce film d\u2019animation truff\u00e9 de gags est bien plus intelligent qu\u2019il pourrait y para\u00eetre au premier abord, cach\u00e9 derri\u00e8re ce titre presque humoristique. Il est question ici des grandes notions et valeurs que tout individu se doit d\u2019acqu\u00e9rir en grandissant\u00a0: l\u2019esprit de comp\u00e9tition et la gestion des rivalit\u00e9s, la solidarit\u00e9 et l\u2019esprit d\u2019\u00e9quipe. <em>La Grande Course au fromage<\/em> stimule \u00e9galement l\u2019imagination et la cr\u00e9ativit\u00e9 ; c\u2019est un plaisir de d\u00e9couvrir tout au long du film les nouvelles inventions de F\u00e9odor, figure paternelle et responsable du film. La repr\u00e9sentation de l\u2019enfance et de ses contradictions, \u00e0 travers les personnages de Ludvig et Solan que tout oppose, est d\u2019une grande justesse, et le choix de leur forme animale n\u2019est pas un hasard\u00a0: un h\u00e9risson pour le timide et peureux Ludvig, et une pie bavarde pour l\u2019impulsif et intr\u00e9pide <\/strong>Solan. Benshi<\/p>\n\n\n<div class=\"wp-block-image\">\n<figure class=\"alignright size-full is-resized\"><img loading=\"lazy\" decoding=\"async\" width=\"820\" height=\"461\" src=\"https:\/\/cineclubbedarieux.fr\/wp-content\/uploads\/2026\/01\/la-grande-course-au-fromage3.jpg\" alt=\"\" class=\"wp-image-5025\" style=\"width:202px;height:auto\" srcset=\"https:\/\/cineclubbedarieux.fr\/wp-content\/uploads\/2026\/01\/la-grande-course-au-fromage3.jpg 820w, https:\/\/cineclubbedarieux.fr\/wp-content\/uploads\/2026\/01\/la-grande-course-au-fromage3-300x169.jpg 300w, https:\/\/cineclubbedarieux.fr\/wp-content\/uploads\/2026\/01\/la-grande-course-au-fromage3-768x432.jpg 768w\" sizes=\"auto, (max-width: 820px) 100vw, 820px\" \/><\/figure>\n<\/div>\n\n\n<p class=\"has-drop-cap has-vivid-cyan-blue-color has-text-color has-link-color wp-elements-d3478cfa9143a0cf84f538cd48c770d8 wp-block-paragraph\"><strong>La Grande course au fromage ravira donc les tout-petits par le charme de ses personnages et la dr\u00f4lerie des situations, mais aussi les adultes, qui auront \u00e0 c\u0153ur d&rsquo;en approfondir le sens avec leur prog\u00e9niture. Enfin, ils pourront se divertir des innombrables clins d&rsquo;\u0153il cin\u00e9philiques, du <em>Running Man<\/em> de Paul Michael Glaser au <em>Good Morning Vietnam<\/em> de Barry Levinson, qui jalonnent le film sans \u00eatre jamais pesants.<\/strong> Fiche cin\u00e9ma<\/p>\n\n\n\n<p class=\"has-text-align-center has-medium-font-size wp-block-paragraph\"><strong>Le r\u00e9alisateur<\/strong><\/p>\n\n\n\n<p class=\"has-black-color has-text-color has-link-color wp-elements-ca6d4d857bb4850da0d95a015145fa1f wp-block-paragraph\"><em>Rasmus Andre Sivertsen est un r\u00e9alisateur norv\u00e9gien n\u00e9 en 1972. Son p\u00e8re est dessinateur- animateur, il est donc familiaris\u00e9 d\u00e8s son plus jeune \u00e2ge \u00e0 la cr\u00e9ation anim\u00e9e. Il choisit par la suite d\u2019\u00e9tudier la production des films d\u2019animation au Volda University College.<br>En parall\u00e8le de son activit\u00e9 de r\u00e9alisateur, il fonde le studio Qvisten Animation, qui a co-produit ses deux longs m\u00e9trages dont DE LA NEIGE POUR NOEL sortie en France en 2014. La Grande course au Fromage a n\u00e9cessit\u00e9 trois ans de cr\u00e9ation.<\/em><\/p>\n\n\n\n<p class=\"has-text-align-center has-medium-font-size wp-block-paragraph\"><strong>L&rsquo;interview<\/strong><\/p>\n\n\n\n<p class=\"has-text-align-center has-vivid-red-color has-text-color has-link-color wp-elements-413ab91e19174a7bdd97dad8fff43c1c wp-block-paragraph\"><strong>Pourquoi avoir fait le choix de l\u2019animation 3D image par image ?<\/strong><\/p>\n\n\n<div class=\"wp-block-image\">\n<figure class=\"alignright size-full is-resized\"><img loading=\"lazy\" decoding=\"async\" width=\"900\" height=\"506\" src=\"https:\/\/cineclubbedarieux.fr\/wp-content\/uploads\/2026\/01\/la-grande-course-au-fromage.jpg\" alt=\"\" class=\"wp-image-5024\" style=\"width:229px;height:auto\" srcset=\"https:\/\/cineclubbedarieux.fr\/wp-content\/uploads\/2026\/01\/la-grande-course-au-fromage.jpg 900w, https:\/\/cineclubbedarieux.fr\/wp-content\/uploads\/2026\/01\/la-grande-course-au-fromage-300x169.jpg 300w, https:\/\/cineclubbedarieux.fr\/wp-content\/uploads\/2026\/01\/la-grande-course-au-fromage-768x432.jpg 768w\" sizes=\"auto, (max-width: 900px) 100vw, 900px\" \/><\/figure>\n<\/div>\n\n\n<p class=\"has-text-align-left has-vivid-purple-color has-text-color has-link-color wp-elements-144102f9c3599ffe9d5c554e6d39ee48 wp-block-paragraph\"><br>J\u2019ai d\u2019abord pench\u00e9 pour une animation assist\u00e9e par ordinateur. Mais dans le d\u00e9tail, le style du dessin ne pouvait quetr\u00e8s difficilement \u00eatre rendu pas un ordinateur. L\u2019animation image par image s\u2019est impos\u00e9e parce qu\u2019elle permettaitde rendre la mati\u00e8re, d\u2019\u00eatre fid\u00e8le au style des dessins originaux, et de traduire l\u2019aspect \u201cFait-main\u201d.<br>La Norv\u00e8ge n\u2019avait pas produit de film en stop motion depuis quarante ans et il s\u2019agissait donc d\u2019un choix artistique\u00e9norme. Et cela s\u2019est r\u00e9v\u00e9l\u00e9 bien plus compliqu\u00e9 que pr\u00e9vu, il a fallu cr\u00e9er une communaut\u00e9 d\u2019animateurs de toutespi\u00e8ces.<br><\/p>\n\n\n\n<p class=\"has-text-align-center has-vivid-red-color has-text-color has-link-color wp-elements-d28049e1e123f2466e49a4b7d57d50c3 wp-block-paragraph\"><strong>Avez-vous pris part \u00e0 la cr\u00e9ation musicale ?<\/strong><\/p>\n\n\n\n<p class=\"has-vivid-purple-color has-text-color has-link-color wp-elements-2729b63ebc3a932e615c8afb8bcbb31b wp-block-paragraph\"><br>Durant le tournage, je propose toujours des morceaux de musique qui servent de r\u00e9f\u00e9rence aux \u00e9quipes de tournage<br>et nous aident \u00e0 garder en t\u00eate l\u2019ambiance de la sc\u00e8ne qu\u2019on travaille. Ces musiques sont ensuite un appui pour mon<br>travail avec le compositeur lors de nos premi\u00e8res discussions.<br>J\u2019avais l\u2019impression que la partition devait \u00eatre intemporelle, et j\u2019ai donc choisi de la musique classique ainsi que des<br>morceaux de jazz des ann\u00e9es soixante.<br>Il y a de nombreuses r\u00e9f\u00e9rences ou clins d\u2019\u0153il qui ne sont pas exactement destin\u00e9s \u00e0 des enfants. Le film est-il<br>destin\u00e9 aux familles et aux adultes autant qu\u2019aux tr\u00e8s jeunes spectateurs ?<br>Kjell Aukrust a \u00e9crit pour un public d\u2019adultes principalement. C\u2019\u00e9tait important pour moi de conserver un humour<br>\u00e9labor\u00e9 dans le film. \u00c0 titre personnel, j\u2019appr\u00e9cie aussi que les ressorts comiques soient riches.<\/p>\n\n\n\n<p class=\"wp-block-paragraph\"><\/p>\n","protected":false},"excerpt":{"rendered":"<p>Rasmus A. Sivertsen, 2015 , Norv\u00e8ge 1h18 Adapt\u00e9 de l&rsquo;univers de l&rsquo;auteur norv\u00e9gien Kjell Aukrust Solan et ses amis veulent gagner la grande course au Fromage sous peine de perdre &#8230;<\/p>\n","protected":false},"author":1,"featured_media":5027,"comment_status":"closed","ping_status":"open","sticky":false,"template":"","format":"standard","meta":{"footnotes":""},"categories":[19,41],"tags":[],"class_list":["post-5020","post","type-post","status-publish","format-standard","has-post-thumbnail","hentry","category-partenariat","category-programme-2025-2026"],"yoast_head":"<!-- This site is optimized with the Yoast SEO plugin v27.3 - https:\/\/yoast.com\/product\/yoast-seo-wordpress\/ -->\n<title>Cin\u00e9-club enfants &quot;La grande course au fromage&quot; mercredi 4 mars 14h30 \u00e0 la m\u00e9diath\u00e8que<\/title>\n<meta name=\"robots\" content=\"index, follow, max-snippet:-1, max-image-preview:large, max-video-preview:-1\" \/>\n<link rel=\"canonical\" href=\"https:\/\/cineclubbedarieux.fr\/index.php\/2026\/01\/29\/cine-club-enfants-la-grande-course-au-fromage-mercredi-4-mars-14h30-a-la-mediatheque\/\" \/>\n<meta property=\"og:locale\" content=\"fr_FR\" \/>\n<meta property=\"og:type\" content=\"article\" \/>\n<meta property=\"og:title\" content=\"Cin\u00e9-club enfants &quot;La grande course au fromage&quot; mercredi 4 mars 14h30 \u00e0 la m\u00e9diath\u00e8que\" \/>\n<meta property=\"og:description\" content=\"Rasmus A. Sivertsen, 2015 , Norv\u00e8ge 1h18 Adapt\u00e9 de l&rsquo;univers de l&rsquo;auteur norv\u00e9gien Kjell Aukrust Solan et ses amis veulent gagner la grande course au Fromage sous peine de perdre ...\" \/>\n<meta property=\"og:url\" content=\"https:\/\/cineclubbedarieux.fr\/index.php\/2026\/01\/29\/cine-club-enfants-la-grande-course-au-fromage-mercredi-4-mars-14h30-a-la-mediatheque\/\" \/>\n<meta property=\"og:site_name\" content=\"CCB\" \/>\n<meta property=\"article:publisher\" content=\"https:\/\/www.facebook.com\/Cin%c3%a9-club-de-B%c3%a9darieux-107423303938487\" \/>\n<meta property=\"article:published_time\" content=\"2026-01-29T09:20:11+00:00\" \/>\n<meta property=\"article:modified_time\" content=\"2026-06-07T07:40:51+00:00\" \/>\n<meta property=\"og:image\" content=\"https:\/\/cineclubbedarieux.fr\/wp-content\/uploads\/2026\/01\/la-grande-course-au-fromage-affiche.jpg\" \/>\n\t<meta property=\"og:image:width\" content=\"500\" \/>\n\t<meta property=\"og:image:height\" content=\"234\" \/>\n\t<meta property=\"og:image:type\" content=\"image\/jpeg\" \/>\n<meta name=\"author\" content=\"cineclubbedarieux\" \/>\n<meta name=\"twitter:card\" content=\"summary_large_image\" \/>\n<meta name=\"twitter:label1\" content=\"\u00c9crit par\" \/>\n\t<meta name=\"twitter:data1\" content=\"cineclubbedarieux\" \/>\n\t<meta name=\"twitter:label2\" content=\"Dur\u00e9e de lecture estim\u00e9e\" \/>\n\t<meta name=\"twitter:data2\" content=\"4 minutes\" \/>\n<script type=\"application\/ld+json\" class=\"yoast-schema-graph\">{\"@context\":\"https:\\\/\\\/schema.org\",\"@graph\":[{\"@type\":\"Article\",\"@id\":\"https:\\\/\\\/cineclubbedarieux.fr\\\/index.php\\\/2026\\\/01\\\/29\\\/cine-club-enfants-la-grande-course-au-fromage-mercredi-4-mars-14h30-a-la-mediatheque\\\/#article\",\"isPartOf\":{\"@id\":\"https:\\\/\\\/cineclubbedarieux.fr\\\/index.php\\\/2026\\\/01\\\/29\\\/cine-club-enfants-la-grande-course-au-fromage-mercredi-4-mars-14h30-a-la-mediatheque\\\/\"},\"author\":{\"name\":\"cineclubbedarieux\",\"@id\":\"https:\\\/\\\/cineclubbedarieux.fr\\\/#\\\/schema\\\/person\\\/f881352cb23c1a4938521c5ec75603d5\"},\"headline\":\"Cin\u00e9-club enfants \u00ab\u00a0La grande course au fromage\u00a0\u00bb mercredi 4 mars 14h30 \u00e0 la m\u00e9diath\u00e8que\",\"datePublished\":\"2026-01-29T09:20:11+00:00\",\"dateModified\":\"2026-06-07T07:40:51+00:00\",\"mainEntityOfPage\":{\"@id\":\"https:\\\/\\\/cineclubbedarieux.fr\\\/index.php\\\/2026\\\/01\\\/29\\\/cine-club-enfants-la-grande-course-au-fromage-mercredi-4-mars-14h30-a-la-mediatheque\\\/\"},\"wordCount\":680,\"publisher\":{\"@id\":\"https:\\\/\\\/cineclubbedarieux.fr\\\/#organization\"},\"image\":{\"@id\":\"https:\\\/\\\/cineclubbedarieux.fr\\\/index.php\\\/2026\\\/01\\\/29\\\/cine-club-enfants-la-grande-course-au-fromage-mercredi-4-mars-14h30-a-la-mediatheque\\\/#primaryimage\"},\"thumbnailUrl\":\"https:\\\/\\\/cineclubbedarieux.fr\\\/wp-content\\\/uploads\\\/2026\\\/01\\\/la-grande-course-au-fromage-affiche.jpg\",\"articleSection\":[\"Partenariat\",\"PROGRAMME 2025-2026\"],\"inLanguage\":\"fr-FR\"},{\"@type\":\"WebPage\",\"@id\":\"https:\\\/\\\/cineclubbedarieux.fr\\\/index.php\\\/2026\\\/01\\\/29\\\/cine-club-enfants-la-grande-course-au-fromage-mercredi-4-mars-14h30-a-la-mediatheque\\\/\",\"url\":\"https:\\\/\\\/cineclubbedarieux.fr\\\/index.php\\\/2026\\\/01\\\/29\\\/cine-club-enfants-la-grande-course-au-fromage-mercredi-4-mars-14h30-a-la-mediatheque\\\/\",\"name\":\"Cin\u00e9-club enfants \\\"La grande course au fromage\\\" mercredi 4 mars 14h30 \u00e0 la m\u00e9diath\u00e8que\",\"isPartOf\":{\"@id\":\"https:\\\/\\\/cineclubbedarieux.fr\\\/#website\"},\"primaryImageOfPage\":{\"@id\":\"https:\\\/\\\/cineclubbedarieux.fr\\\/index.php\\\/2026\\\/01\\\/29\\\/cine-club-enfants-la-grande-course-au-fromage-mercredi-4-mars-14h30-a-la-mediatheque\\\/#primaryimage\"},\"image\":{\"@id\":\"https:\\\/\\\/cineclubbedarieux.fr\\\/index.php\\\/2026\\\/01\\\/29\\\/cine-club-enfants-la-grande-course-au-fromage-mercredi-4-mars-14h30-a-la-mediatheque\\\/#primaryimage\"},\"thumbnailUrl\":\"https:\\\/\\\/cineclubbedarieux.fr\\\/wp-content\\\/uploads\\\/2026\\\/01\\\/la-grande-course-au-fromage-affiche.jpg\",\"datePublished\":\"2026-01-29T09:20:11+00:00\",\"dateModified\":\"2026-06-07T07:40:51+00:00\",\"breadcrumb\":{\"@id\":\"https:\\\/\\\/cineclubbedarieux.fr\\\/index.php\\\/2026\\\/01\\\/29\\\/cine-club-enfants-la-grande-course-au-fromage-mercredi-4-mars-14h30-a-la-mediatheque\\\/#breadcrumb\"},\"inLanguage\":\"fr-FR\",\"potentialAction\":[{\"@type\":\"ReadAction\",\"target\":[\"https:\\\/\\\/cineclubbedarieux.fr\\\/index.php\\\/2026\\\/01\\\/29\\\/cine-club-enfants-la-grande-course-au-fromage-mercredi-4-mars-14h30-a-la-mediatheque\\\/\"]}]},{\"@type\":\"ImageObject\",\"inLanguage\":\"fr-FR\",\"@id\":\"https:\\\/\\\/cineclubbedarieux.fr\\\/index.php\\\/2026\\\/01\\\/29\\\/cine-club-enfants-la-grande-course-au-fromage-mercredi-4-mars-14h30-a-la-mediatheque\\\/#primaryimage\",\"url\":\"https:\\\/\\\/cineclubbedarieux.fr\\\/wp-content\\\/uploads\\\/2026\\\/01\\\/la-grande-course-au-fromage-affiche.jpg\",\"contentUrl\":\"https:\\\/\\\/cineclubbedarieux.fr\\\/wp-content\\\/uploads\\\/2026\\\/01\\\/la-grande-course-au-fromage-affiche.jpg\",\"width\":500,\"height\":234},{\"@type\":\"BreadcrumbList\",\"@id\":\"https:\\\/\\\/cineclubbedarieux.fr\\\/index.php\\\/2026\\\/01\\\/29\\\/cine-club-enfants-la-grande-course-au-fromage-mercredi-4-mars-14h30-a-la-mediatheque\\\/#breadcrumb\",\"itemListElement\":[{\"@type\":\"ListItem\",\"position\":1,\"name\":\"Accueil\",\"item\":\"https:\\\/\\\/cineclubbedarieux.fr\\\/\"},{\"@type\":\"ListItem\",\"position\":2,\"name\":\"Cin\u00e9-club enfants \u00ab\u00a0La grande course au fromage\u00a0\u00bb mercredi 4 mars 14h30 \u00e0 la m\u00e9diath\u00e8que\"}]},{\"@type\":\"WebSite\",\"@id\":\"https:\\\/\\\/cineclubbedarieux.fr\\\/#website\",\"url\":\"https:\\\/\\\/cineclubbedarieux.fr\\\/\",\"name\":\"CCB\",\"description\":\"acceuil\",\"publisher\":{\"@id\":\"https:\\\/\\\/cineclubbedarieux.fr\\\/#organization\"},\"potentialAction\":[{\"@type\":\"SearchAction\",\"target\":{\"@type\":\"EntryPoint\",\"urlTemplate\":\"https:\\\/\\\/cineclubbedarieux.fr\\\/?s={search_term_string}\"},\"query-input\":{\"@type\":\"PropertyValueSpecification\",\"valueRequired\":true,\"valueName\":\"search_term_string\"}}],\"inLanguage\":\"fr-FR\"},{\"@type\":\"Organization\",\"@id\":\"https:\\\/\\\/cineclubbedarieux.fr\\\/#organization\",\"name\":\"Cin\u00e9-club de B\u00e9darieux\",\"url\":\"https:\\\/\\\/cineclubbedarieux.fr\\\/\",\"logo\":{\"@type\":\"ImageObject\",\"inLanguage\":\"fr-FR\",\"@id\":\"https:\\\/\\\/cineclubbedarieux.fr\\\/#\\\/schema\\\/logo\\\/image\\\/\",\"url\":\"\",\"contentUrl\":\"\",\"caption\":\"Cin\u00e9-club de B\u00e9darieux\"},\"image\":{\"@id\":\"https:\\\/\\\/cineclubbedarieux.fr\\\/#\\\/schema\\\/logo\\\/image\\\/\"},\"sameAs\":[\"https:\\\/\\\/www.facebook.com\\\/Cin\u00e9-club-de-B\u00e9darieux-107423303938487\"]},{\"@type\":\"Person\",\"@id\":\"https:\\\/\\\/cineclubbedarieux.fr\\\/#\\\/schema\\\/person\\\/f881352cb23c1a4938521c5ec75603d5\",\"name\":\"cineclubbedarieux\",\"image\":{\"@type\":\"ImageObject\",\"inLanguage\":\"fr-FR\",\"@id\":\"https:\\\/\\\/secure.gravatar.com\\\/avatar\\\/e65d45ec8e98c1171075bbcd0850322bd1cd217b7fea453fa3da6208a47a73f5?s=96&d=mm&r=g\",\"url\":\"https:\\\/\\\/secure.gravatar.com\\\/avatar\\\/e65d45ec8e98c1171075bbcd0850322bd1cd217b7fea453fa3da6208a47a73f5?s=96&d=mm&r=g\",\"contentUrl\":\"https:\\\/\\\/secure.gravatar.com\\\/avatar\\\/e65d45ec8e98c1171075bbcd0850322bd1cd217b7fea453fa3da6208a47a73f5?s=96&d=mm&r=g\",\"caption\":\"cineclubbedarieux\"}}]}<\/script>\n<!-- \/ Yoast SEO plugin. -->","yoast_head_json":{"title":"Cin\u00e9-club enfants \"La grande course au fromage\" mercredi 4 mars 14h30 \u00e0 la m\u00e9diath\u00e8que","robots":{"index":"index","follow":"follow","max-snippet":"max-snippet:-1","max-image-preview":"max-image-preview:large","max-video-preview":"max-video-preview:-1"},"canonical":"https:\/\/cineclubbedarieux.fr\/index.php\/2026\/01\/29\/cine-club-enfants-la-grande-course-au-fromage-mercredi-4-mars-14h30-a-la-mediatheque\/","og_locale":"fr_FR","og_type":"article","og_title":"Cin\u00e9-club enfants \"La grande course au fromage\" mercredi 4 mars 14h30 \u00e0 la m\u00e9diath\u00e8que","og_description":"Rasmus A. Sivertsen, 2015 , Norv\u00e8ge 1h18 Adapt\u00e9 de l&rsquo;univers de l&rsquo;auteur norv\u00e9gien Kjell Aukrust Solan et ses amis veulent gagner la grande course au Fromage sous peine de perdre ...","og_url":"https:\/\/cineclubbedarieux.fr\/index.php\/2026\/01\/29\/cine-club-enfants-la-grande-course-au-fromage-mercredi-4-mars-14h30-a-la-mediatheque\/","og_site_name":"CCB","article_publisher":"https:\/\/www.facebook.com\/Cin%c3%a9-club-de-B%c3%a9darieux-107423303938487","article_published_time":"2026-01-29T09:20:11+00:00","article_modified_time":"2026-06-07T07:40:51+00:00","og_image":[{"width":500,"height":234,"url":"https:\/\/cineclubbedarieux.fr\/wp-content\/uploads\/2026\/01\/la-grande-course-au-fromage-affiche.jpg","type":"image\/jpeg"}],"author":"cineclubbedarieux","twitter_card":"summary_large_image","twitter_misc":{"\u00c9crit par":"cineclubbedarieux","Dur\u00e9e de lecture estim\u00e9e":"4 minutes"},"schema":{"@context":"https:\/\/schema.org","@graph":[{"@type":"Article","@id":"https:\/\/cineclubbedarieux.fr\/index.php\/2026\/01\/29\/cine-club-enfants-la-grande-course-au-fromage-mercredi-4-mars-14h30-a-la-mediatheque\/#article","isPartOf":{"@id":"https:\/\/cineclubbedarieux.fr\/index.php\/2026\/01\/29\/cine-club-enfants-la-grande-course-au-fromage-mercredi-4-mars-14h30-a-la-mediatheque\/"},"author":{"name":"cineclubbedarieux","@id":"https:\/\/cineclubbedarieux.fr\/#\/schema\/person\/f881352cb23c1a4938521c5ec75603d5"},"headline":"Cin\u00e9-club enfants \u00ab\u00a0La grande course au fromage\u00a0\u00bb mercredi 4 mars 14h30 \u00e0 la m\u00e9diath\u00e8que","datePublished":"2026-01-29T09:20:11+00:00","dateModified":"2026-06-07T07:40:51+00:00","mainEntityOfPage":{"@id":"https:\/\/cineclubbedarieux.fr\/index.php\/2026\/01\/29\/cine-club-enfants-la-grande-course-au-fromage-mercredi-4-mars-14h30-a-la-mediatheque\/"},"wordCount":680,"publisher":{"@id":"https:\/\/cineclubbedarieux.fr\/#organization"},"image":{"@id":"https:\/\/cineclubbedarieux.fr\/index.php\/2026\/01\/29\/cine-club-enfants-la-grande-course-au-fromage-mercredi-4-mars-14h30-a-la-mediatheque\/#primaryimage"},"thumbnailUrl":"https:\/\/cineclubbedarieux.fr\/wp-content\/uploads\/2026\/01\/la-grande-course-au-fromage-affiche.jpg","articleSection":["Partenariat","PROGRAMME 2025-2026"],"inLanguage":"fr-FR"},{"@type":"WebPage","@id":"https:\/\/cineclubbedarieux.fr\/index.php\/2026\/01\/29\/cine-club-enfants-la-grande-course-au-fromage-mercredi-4-mars-14h30-a-la-mediatheque\/","url":"https:\/\/cineclubbedarieux.fr\/index.php\/2026\/01\/29\/cine-club-enfants-la-grande-course-au-fromage-mercredi-4-mars-14h30-a-la-mediatheque\/","name":"Cin\u00e9-club enfants \"La grande course au fromage\" mercredi 4 mars 14h30 \u00e0 la m\u00e9diath\u00e8que","isPartOf":{"@id":"https:\/\/cineclubbedarieux.fr\/#website"},"primaryImageOfPage":{"@id":"https:\/\/cineclubbedarieux.fr\/index.php\/2026\/01\/29\/cine-club-enfants-la-grande-course-au-fromage-mercredi-4-mars-14h30-a-la-mediatheque\/#primaryimage"},"image":{"@id":"https:\/\/cineclubbedarieux.fr\/index.php\/2026\/01\/29\/cine-club-enfants-la-grande-course-au-fromage-mercredi-4-mars-14h30-a-la-mediatheque\/#primaryimage"},"thumbnailUrl":"https:\/\/cineclubbedarieux.fr\/wp-content\/uploads\/2026\/01\/la-grande-course-au-fromage-affiche.jpg","datePublished":"2026-01-29T09:20:11+00:00","dateModified":"2026-06-07T07:40:51+00:00","breadcrumb":{"@id":"https:\/\/cineclubbedarieux.fr\/index.php\/2026\/01\/29\/cine-club-enfants-la-grande-course-au-fromage-mercredi-4-mars-14h30-a-la-mediatheque\/#breadcrumb"},"inLanguage":"fr-FR","potentialAction":[{"@type":"ReadAction","target":["https:\/\/cineclubbedarieux.fr\/index.php\/2026\/01\/29\/cine-club-enfants-la-grande-course-au-fromage-mercredi-4-mars-14h30-a-la-mediatheque\/"]}]},{"@type":"ImageObject","inLanguage":"fr-FR","@id":"https:\/\/cineclubbedarieux.fr\/index.php\/2026\/01\/29\/cine-club-enfants-la-grande-course-au-fromage-mercredi-4-mars-14h30-a-la-mediatheque\/#primaryimage","url":"https:\/\/cineclubbedarieux.fr\/wp-content\/uploads\/2026\/01\/la-grande-course-au-fromage-affiche.jpg","contentUrl":"https:\/\/cineclubbedarieux.fr\/wp-content\/uploads\/2026\/01\/la-grande-course-au-fromage-affiche.jpg","width":500,"height":234},{"@type":"BreadcrumbList","@id":"https:\/\/cineclubbedarieux.fr\/index.php\/2026\/01\/29\/cine-club-enfants-la-grande-course-au-fromage-mercredi-4-mars-14h30-a-la-mediatheque\/#breadcrumb","itemListElement":[{"@type":"ListItem","position":1,"name":"Accueil","item":"https:\/\/cineclubbedarieux.fr\/"},{"@type":"ListItem","position":2,"name":"Cin\u00e9-club enfants \u00ab\u00a0La grande course au fromage\u00a0\u00bb mercredi 4 mars 14h30 \u00e0 la m\u00e9diath\u00e8que"}]},{"@type":"WebSite","@id":"https:\/\/cineclubbedarieux.fr\/#website","url":"https:\/\/cineclubbedarieux.fr\/","name":"CCB","description":"acceuil","publisher":{"@id":"https:\/\/cineclubbedarieux.fr\/#organization"},"potentialAction":[{"@type":"SearchAction","target":{"@type":"EntryPoint","urlTemplate":"https:\/\/cineclubbedarieux.fr\/?s={search_term_string}"},"query-input":{"@type":"PropertyValueSpecification","valueRequired":true,"valueName":"search_term_string"}}],"inLanguage":"fr-FR"},{"@type":"Organization","@id":"https:\/\/cineclubbedarieux.fr\/#organization","name":"Cin\u00e9-club de B\u00e9darieux","url":"https:\/\/cineclubbedarieux.fr\/","logo":{"@type":"ImageObject","inLanguage":"fr-FR","@id":"https:\/\/cineclubbedarieux.fr\/#\/schema\/logo\/image\/","url":"","contentUrl":"","caption":"Cin\u00e9-club de B\u00e9darieux"},"image":{"@id":"https:\/\/cineclubbedarieux.fr\/#\/schema\/logo\/image\/"},"sameAs":["https:\/\/www.facebook.com\/Cin\u00e9-club-de-B\u00e9darieux-107423303938487"]},{"@type":"Person","@id":"https:\/\/cineclubbedarieux.fr\/#\/schema\/person\/f881352cb23c1a4938521c5ec75603d5","name":"cineclubbedarieux","image":{"@type":"ImageObject","inLanguage":"fr-FR","@id":"https:\/\/secure.gravatar.com\/avatar\/e65d45ec8e98c1171075bbcd0850322bd1cd217b7fea453fa3da6208a47a73f5?s=96&d=mm&r=g","url":"https:\/\/secure.gravatar.com\/avatar\/e65d45ec8e98c1171075bbcd0850322bd1cd217b7fea453fa3da6208a47a73f5?s=96&d=mm&r=g","contentUrl":"https:\/\/secure.gravatar.com\/avatar\/e65d45ec8e98c1171075bbcd0850322bd1cd217b7fea453fa3da6208a47a73f5?s=96&d=mm&r=g","caption":"cineclubbedarieux"}}]}},"_links":{"self":[{"href":"https:\/\/cineclubbedarieux.fr\/index.php\/wp-json\/wp\/v2\/posts\/5020","targetHints":{"allow":["GET"]}}],"collection":[{"href":"https:\/\/cineclubbedarieux.fr\/index.php\/wp-json\/wp\/v2\/posts"}],"about":[{"href":"https:\/\/cineclubbedarieux.fr\/index.php\/wp-json\/wp\/v2\/types\/post"}],"author":[{"embeddable":true,"href":"https:\/\/cineclubbedarieux.fr\/index.php\/wp-json\/wp\/v2\/users\/1"}],"replies":[{"embeddable":true,"href":"https:\/\/cineclubbedarieux.fr\/index.php\/wp-json\/wp\/v2\/comments?post=5020"}],"version-history":[{"count":3,"href":"https:\/\/cineclubbedarieux.fr\/index.php\/wp-json\/wp\/v2\/posts\/5020\/revisions"}],"predecessor-version":[{"id":5026,"href":"https:\/\/cineclubbedarieux.fr\/index.php\/wp-json\/wp\/v2\/posts\/5020\/revisions\/5026"}],"wp:featuredmedia":[{"embeddable":true,"href":"https:\/\/cineclubbedarieux.fr\/index.php\/wp-json\/wp\/v2\/media\/5027"}],"wp:attachment":[{"href":"https:\/\/cineclubbedarieux.fr\/index.php\/wp-json\/wp\/v2\/media?parent=5020"}],"wp:term":[{"taxonomy":"category","embeddable":true,"href":"https:\/\/cineclubbedarieux.fr\/index.php\/wp-json\/wp\/v2\/categories?post=5020"},{"taxonomy":"post_tag","embeddable":true,"href":"https:\/\/cineclubbedarieux.fr\/index.php\/wp-json\/wp\/v2\/tags?post=5020"}],"curies":[{"name":"wp","href":"https:\/\/api.w.org\/{rel}","templated":true}]}}