{"id":4094,"date":"2025-06-25T15:48:08","date_gmt":"2025-06-25T13:48:08","guid":{"rendered":"https:\/\/cineclubbedarieux.fr\/?p=4094"},"modified":"2025-09-30T13:29:20","modified_gmt":"2025-09-30T11:29:20","slug":"the-wall-lundi-28-septembre-18h15-et-20h30","status":"publish","type":"post","link":"https:\/\/cineclubbedarieux.fr\/index.php\/2025\/06\/25\/the-wall-lundi-28-septembre-18h15-et-20h30\/","title":{"rendered":"\u00ab\u00a0The Wall\u00a0\u00bb lundi 29 septembre 18h15 et 20h30"},"content":{"rendered":"\n<p class=\"has-text-align-center\"><strong><a href=\"https:\/\/www.allocine.fr\/personne\/fichepersonne_gen_cpersonne=43851.html\">Philippe Van Leeuw<\/a> (2024) Belgique 1h36 Avec <a href=\"https:\/\/www.allocine.fr\/personne\/fichepersonne_gen_cpersonne=450063.html\">Vicky Krieps<\/a>, <a href=\"https:\/\/www.allocine.fr\/personne\/fichepersonne_gen_cpersonne=763544.html\">Mike Wilson<\/a>, <a href=\"https:\/\/www.allocine.fr\/personne\/fichepersonne_gen_cpersonne=1000021960.html\">Ezekiel Velasco<\/a><\/strong><\/p>\n\n\n\n<p class=\"has-black-color has-text-color has-link-color wp-elements-37f323cb7878fbb7a71c5312367f5fdb\"><strong>Jessica Comley patrouille \u00e0 la fronti\u00e8re am\u00e9ricaine avec le Mexique l\u00e0 o\u00f9 des trafiquants de drogue et des immigrants tentent leur chance pour rentrer aux USA. Lors d\u2019une intervention, elle tire sur une personne&#8230;<\/strong><\/p>\n\n\n\n<p class=\"has-text-align-center has-vivid-red-color has-text-color has-link-color has-medium-font-size wp-elements-2e62770e4866067e8be7542fa7e9ecf8\"><strong>Un western contemporain sans concession<\/strong><\/p>\n\n\n<div class=\"wp-block-image\">\n<figure class=\"aligncenter size-full\"><img loading=\"lazy\" decoding=\"async\" width=\"600\" height=\"338\" src=\"https:\/\/cineclubbedarieux.fr\/wp-content\/uploads\/2025\/06\/the-wall.jpgb_.jpg\" alt=\"\" class=\"wp-image-4151\" srcset=\"https:\/\/cineclubbedarieux.fr\/wp-content\/uploads\/2025\/06\/the-wall.jpgb_.jpg 600w, https:\/\/cineclubbedarieux.fr\/wp-content\/uploads\/2025\/06\/the-wall.jpgb_-300x169.jpg 300w\" sizes=\"auto, (max-width: 600px) 100vw, 600px\" \/><\/figure>\n<\/div>\n\n\n<p class=\"has-drop-cap has-vivid-cyan-blue-color has-text-color has-link-color wp-elements-bd419cccc52cfd302a2287551490f3ed\"><strong>Seule femme au sein de la troupe des&nbsp; traqueurs de migrants, Jessica Comley d\u00e9passe d\u2019une large t\u00eate l\u2019ensemble de ses co\u00e9quipiers quand il s\u2019agit d\u2019\u00e9grener les menaces et les insultes, et de d\u00e9gainer son arme avec ou sans sommation. Pouvoir humaniser une telle machine de haine sans lui faire perdre son pouvoir de nuisance&nbsp; est un d\u00e9fi que peu de com\u00e9diens peuvent relever, Vicky Krieps, habitu\u00e9e \u00e0 nous \u00e9blouir par sa d\u00e9licatesse, transcende ici la puissance et la violence de son personnage en dosant et variant subtilement ses effets.&nbsp; Une femme Impr\u00e9visible aussi dangereuse&nbsp; pour son entourage que pour sa propre personne.&nbsp; Capable de sombrer \u00e0 tout moment&nbsp; dans la violence, mais aussi d\u2019afficher ses blessures, ses fragilit\u00e9s, le temps d\u2019un instant, dans un cadre priv\u00e9. Puis de reprendre sa lutte contre l\u2019immigration clandestine, bouc \u00e9missaire id\u00e9al d\u2019un \u00e9tat et d\u2019un \u00eatre qui ne veulent pas se r\u00e9soudre \u00e0 affronter leurs propres d\u00e9mons. <\/strong>Michel Pignol<\/p>\n\n\n\n<p class=\"has-drop-cap has-vivid-cyan-blue-color has-text-color has-link-color wp-elements-dd36480958a0b14f7a27e6ac823c9d33\"><strong>The Wall de Philippe Van Leeuw n\u2019est donc pas une fiction de tout repos mais une \u0153uvre audacieuse et exigeante, hant\u00e9e par la lumi\u00e8re dure et blanche d\u2019un d\u00e9sert inhospitalier, habit\u00e9e par des questions lancinantes. Sur le processus mental, le conditionnement social et politique pouvant conduire un individu, un pays, un peuple \u00e0 ne plus percevoir l\u2019autre comme un \u00eatre humain. Un constat implacable qui ne justifie rien mais montre frontalement une v\u00e9rit\u00e9 terrifiante : la disparition programm\u00e9e de l\u2019empathie<\/strong>. Samra Bonvoisin<\/p>\n\n\n\n<p class=\"has-text-align-center has-medium-font-size\"><strong>Le r\u00e9alisateur<\/strong><\/p>\n\n\n\n<p><\/p>\n\n\n\n<p class=\"has-black-color has-text-color has-link-color wp-elements-35d69ced55ceab683b1522b94b329ce0\"><em>Philippe VAN LEEUW est un r\u00e9alisateur, sc\u00e9nariste et directeur de la photographie belge. Son premier long m\u00e9trage en tant que r\u00e9alisateur fut \u00ab Le Jour o\u00f9 Dieu est Parti en Voyage \u00bb en 2009: Au Rwanda pendant le g\u00e9nocide nous sommes aux c\u00f4t\u00e9s d\u2019une jeune femme et d\u2019un homme, rescap\u00e9s tutsis, r\u00e9fugi\u00e9s dans la for\u00eat. Son deuxi\u00e8me long m\u00e9trage: \u00ab Une famille syrienne \u00bb:nous plonge aux environs de Damas en pleine guerre o\u00f9 trois g\u00e9n\u00e9rations d\u2019une m\u00eame famille clo\u00eetr\u00e9es dans l\u2019appartement d\u2019un immeuble d\u00e9sert\u00e9, pris entre l\u2019attente immobile et le d\u00e9sir de fuite, sous les bombes. <br>Le film a fait le tour du monde dans tous les grands festivals de cin\u00e9ma o\u00f9 il a re\u00e7u de nombreux prix dont les Valois de la meilleure r\u00e9alisation et meilleure interpr\u00e9tation pour Hiam Abbass, et six Magrittes du cin\u00e9ma belge, dont celui de meilleur film et meilleur r\u00e9alisateur.<\/em><\/p>\n\n\n\n<p class=\"has-text-align-center has-medium-font-size\"><strong>L&rsquo;interview<\/strong><\/p>\n\n\n\n<p class=\"has-text-align-center has-vivid-red-color has-text-color has-link-color wp-elements-a528d71e7ffaff35bf76167dd60f1f25\"><strong>Pour revenir au film de guerre, The Wall semble s\u2019inscrire appartenir \u00e0 la lign\u00e9e des films qui d\u00e9noncent la folie ; l\u2019absurdit\u00e9 des conflits en rendant quasiment invisible l\u2019ennemi. Ici, il n\u2019y a pas de v\u00e9ritables bellig\u00e9rants, on arr\u00eate des gens pour les arr\u00eater, on arr\u00eate m\u00eame des citoyens am\u00e9ricains. Plus pr\u00e9cis\u00e9ment, un peu comme dans <em>Le d\u00e9sert des tartares<\/em> (Livre de Dino Buzzati et film de Valerio Zurlini), l\u2019attente, les incessants allers-retours dans un territoire infini conduisent \u00e0 une forme de parano\u00efa.<\/strong><\/p>\n\n\n\n<p class=\"has-vivid-purple-color has-text-color has-link-color wp-elements-476979bb0dbfb57cf0d45207108ad4c5\">Vous avez enti\u00e8rement raison pour cette comparaison. La raison pour laquelle j\u2019ai choisi cette r\u00e9gion, un poste fronti\u00e8re situ\u00e9e \u00e0 Sasabe, entre l\u2019Arizona et le Mexique, c\u2019est qu\u2019il ne passe que quinze v\u00e9hicules par jour. Il y a toutes les infrastructures et les mat\u00e9riels symboles de la puissance am\u00e9ricaine qui sont affect\u00e9s pour si peu. Vicky est frustr\u00e9e dans son d\u00e9sir de bien faire, elle est l\u00e0 pour son pays. Elle est frustr\u00e9e par l\u2019absence d\u2019ennemis. Le mur est une protection illusoire. Le vrai danger se situe dans le d\u00e9sert, o\u00f9 l\u2019on meurt de soif.<\/p>\n\n\n\n<p class=\"has-text-align-center has-vivid-red-color has-text-color has-link-color wp-elements-0f2cf49cd9b99c937ab26b69b4d57779\"><strong>Jessica croit \u00e0 la version contemporaine du mythe de la fronti\u00e8re. Issue de la p\u00e9riode de la conqu\u00eate de l\u2019ouest et constitutif de la culture am\u00e9ricaine, de son imp\u00e9rialisme,&nbsp; le progr\u00e8s, un syst\u00e8me politique structurant dans des contr\u00e9es \u00ab&nbsp;sauvages\u00bb. Avant on partait d\u2019une position optimiste offensive, aller de l\u2019avant, aujourd\u2019hui on tente de bloquer l\u2019entr\u00e9e.<\/strong><\/p>\n\n\n\n<p class=\"has-vivid-purple-color has-text-color has-link-color wp-elements-10647d5457c55b81154f6d8776d78dd3\">C\u2019est exactement \u00e7a. Il y a en plus un sentiment de sup\u00e9riorit\u00e9 qui caract\u00e9rise certains am\u00e9ricains. S\u2019ajoute le poids de la religion Jessica Cromley pourrait \u00eatre une \u00e9vang\u00e9liste chr\u00e9tienne<strong>, <\/strong>sans forc\u00e9ment \u00eatre une pratiquante. Il y a une v\u00e9ritable croyance dans le fait de d\u00e9fendre la primaut\u00e9 des blancs. La fronti\u00e8re, th\u00e8me associ\u00e9e au western, est le plus souvent dans le cin\u00e9ma am\u00e9ricain traduit, au final, par le triomphe du bien, ou du moins par un h\u00e9ros qui reconnait ses erreurs et change sa vision du monde. Ce n\u2019est pas le cas pour moi. Dans <em>The wall<\/em>, Cromley ne fait pas ce trajet. Je refuse cela, car on regarde le monde, c\u2019est tr\u00e8s difficile&nbsp; de se rendre compte de son erreur et tourner le dos \u00e0 tout ce qui nous constitue (famille, soci\u00e9t\u00e9, histoire\u2026). Pratiquement personne ne fait cela. On est contraint de revenir \u00e0 notre point de d\u00e9part. On peut certes \u00e9voluer, mais un moindre d\u00e9clic peut nous ramener en arri\u00e8re.<\/p>\n\n\n\n<p><\/p>\n\n\n\n<p class=\"has-text-align-center has-medium-font-size\"><strong>L&rsquo;actrice Vicky Krieps<\/strong><\/p>\n\n\n\n<p><\/p>\n\n\n\n<p class=\"has-vivid-green-cyan-color has-text-color has-link-color wp-elements-d6820358149bc0e4dabab1f12b9f902a\"><strong>N\u00e9e d&rsquo;une m\u00e8re allemande et d&rsquo;un p\u00e8re luxembourgeois, Vicky&nbsp;Krieps parle couramment allemand, fran\u00e7ais, anglais et luxembourgeois.&nbsp;Apr\u00e8s avoir particip\u00e9 \u00e0 plusieurs pi\u00e8ces de th\u00e9\u00e2tre, elle enchaine les castings et trouve l&rsquo;un de ses premiers r\u00f4les dans le drame belge&nbsp;<a href=\"https:\/\/www.allocine.fr\/film\/fichefilm_gen_cfilm=188510.html\">Elle ne pleure pas, elle chante<\/a>&nbsp;(2012) de&nbsp;<a href=\"https:\/\/www.allocine.fr\/personne\/fichepersonne_gen_cpersonne=32942.html\">Philippe de Pierpont<\/a>, qui traite de l&rsquo;inceste. Elle poursuit avec plusieurs autres films<\/strong><\/p>\n\n\n\n<p class=\"has-vivid-green-cyan-color has-text-color has-link-color wp-elements-cab2fabf2fb694db7a568edf831015bf\"><strong>Suite \u00e0 plusieurs r\u00f4les secondaires Elle trouve des r\u00f4les qui tendent \u00e0 gagner de l&rsquo;importance comme dans le drame historique&nbsp;<a href=\"https:\/\/www.allocine.fr\/film\/fichefilm_gen_cfilm=231836.html\">Colonia<\/a>, aux c\u00f4t\u00e9s de la tr\u00e8s demand\u00e9e&nbsp;<a href=\"https:\/\/www.allocine.fr\/personne\/fichepersonne_gen_cpersonne=65003.html\">Emma Watson<\/a>. ou dans <a href=\"https:\/\/www.allocine.fr\/film\/fichefilm_gen_cfilm=235590.html\">Le Jeune Karl Marx<\/a>, elle joue le r\u00f4le f\u00e9minin principal. En 2017, sa carri\u00e8re prend un tournant important lorsqu&rsquo;elle est choisie pour donner la r\u00e9plique \u00e0&nbsp;<a href=\"https:\/\/www.allocine.fr\/personne\/fichepersonne_gen_cpersonne=5501.html\">Daniel Day-Lewis<\/a> dans le nouveau film de&nbsp;<a href=\"https:\/\/www.allocine.fr\/personne\/fichepersonne_gen_cpersonne=35733.html\">Paul Thomas Anderson<\/a>, <a href=\"https:\/\/www.allocine.fr\/film\/fichefilm_gen_cfilm=247980.html\">Phantom Thread<\/a>, qui sort en salles d\u00e9but 2018.<\/strong><\/p>\n\n\n\n<p class=\"has-vivid-green-cyan-color has-text-color has-link-color wp-elements-87a95375aa35e82f97f0cde01c13015d\"><strong>Ensuite Vicky Krieps multiplie les projets entre le Luxembourg (<a href=\"https:\/\/www.allocine.fr\/film\/fichefilm_gen_cfilm=258697.html\">Gutland<\/a>), l&rsquo;Allemagne (<a href=\"https:\/\/www.allocine.fr\/film\/fichefilm_gen_cfilm=248993.html\">3 jours \u00e0 Quiberon<\/a>, <a href=\"https:\/\/www.allocine.fr\/film\/fichefilm_gen_cfilm=277654.html\">Next Door<\/a>) et la France, o\u00f9 elle est en 2021 \u00e0 l&rsquo;affiche de deux longs-m\u00e9trages. Dans&nbsp;<a href=\"https:\/\/www.allocine.fr\/film\/fichefilm_gen_cfilm=256330.html\">Bergman Island<\/a> de&nbsp;<a href=\"https:\/\/www.allocine.fr\/personne\/fichepersonne_gen_cpersonne=101751.html\">Mia Hansen-L\u00f8ve<\/a>&nbsp;pr\u00e9sent\u00e9 au Festival de Cannes, tandis que dans&nbsp;<a href=\"https:\/\/www.allocine.fr\/film\/fichefilm_gen_cfilm=271838.html\">Serre Moi Fort<\/a> de <a href=\"https:\/\/www.allocine.fr\/personne\/fichepersonne_gen_cpersonne=16966.html\">Mathieu Amalric<\/a>, elle se glisse dans la peau d&rsquo;une femme qui prend la route, laissant derri\u00e8re elle sa famille. En 2022, elle est l&rsquo;\u00e9pouse de&nbsp;<a href=\"https:\/\/www.allocine.fr\/personne\/fichepersonne_gen_cpersonne=226163.html\">Vincent Lacoste<\/a>&nbsp;dans&nbsp;<a href=\"https:\/\/www.allocine.fr\/film\/fichefilm_gen_cfilm=268283.html\">De nos fr\u00e8res bless\u00e9s<\/a>, o\u00f9 l&rsquo;on suit un ouvrier condamn\u00e9 \u00e0 la peine capitale \u00e0 Alger dans les ann\u00e9es 1950. Quelques mois plus tard, elle campe une femme condamn\u00e9e par la maladie dans le d\u00e9chirant <a href=\"https:\/\/www.allocine.fr\/film\/fichefilm_gen_cfilm=291970.html\">Plus que jamais<\/a>, o\u00f9 elle donne la r\u00e9plique \u00e0&nbsp;<a href=\"https:\/\/www.allocine.fr\/personne\/fichepersonne_gen_cpersonne=82057.html\">Gaspard Ulliel<\/a> pour sa derni\u00e8re apparition \u00e0 l&rsquo;\u00e9cran. La com\u00e9dienne ach\u00e8ve l&rsquo;ann\u00e9e avec <a href=\"https:\/\/www.allocine.fr\/film\/fichefilm_gen_cfilm=287317.html\">Corsage<\/a>, dans lequel elle se glisse dans le costume de l&rsquo;imp\u00e9ratrice Sissi, bien d\u00e9cid\u00e9e \u00e0 se rebeller contre le poids des conventions.&nbsp; Suivront <a href=\"https:\/\/www.allocine.fr\/film\/fichefilm_gen_cfilm=288401.html\">Les Trois Mousquetaires<\/a>, super-production de&nbsp;<a href=\"https:\/\/www.allocine.fr\/personne\/fichepersonne_gen_cpersonne=682356.html\">Martin Bourboulon<\/a>&nbsp;, Jusqu&rsquo;au bout du monde de Viggo Mortensen, Ingeborg Bachmann de Margarethe von Trotta et 5 ou 6 films qui seront sur les \u00e9crans tant\u00f4t.<\/strong><\/p>\n\n\n\n<p><\/p>\n\n\n\n<p class=\"has-text-align-center has-medium-font-size\"><strong>L&rsquo;interview<\/strong><\/p>\n\n\n\n<p class=\"has-text-align-center has-vivid-red-color has-text-color has-link-color wp-elements-0fbcf98784554e2a7f787f681f8b02a0\"><strong>Cette capacit\u00e9 de susciter autant de tension, de sentiments par le regard peut faire penser \u00e0 Travis (Robert de Niro) de Taxi Driver ? Est-ce que c\u2019\u00e9tait une source d\u2019inspiration pour vous ?<\/strong><\/p>\n\n\n\n<p><\/p>\n\n\n\n<p class=\"has-vivid-purple-color has-text-color has-link-color wp-elements-c985d931cdd4a381c66c89707ba724c3\">C\u2019est une tr\u00e8s bonne comparaison. Dans Taxi Driver, on ne sait jamais ce que le personnage pense. On a l\u2019impression qu\u2019il ne fait pas ce qu\u2019il pense, et qu\u2019il ne pense \u00e0 ce qu\u2019il fait. Chez Jessica, c\u2019est la m\u00eame chose. Elle poss\u00e8de une violence visc\u00e9rale comme dans Taxi Driver, et se voit comme le sauveur de l\u2019humanit\u00e9. Quelque part c\u2019est inverser le noir et le blanc.&nbsp; Elle se croit du c\u00f4t\u00e9 de ceux qui vont lib\u00e9rer le monde du Mal qui le ronge, \u00e0 savoir ces innocents qui veulent juste traverser la fronti\u00e8re.<\/p>\n\n\n\n<p><\/p>\n","protected":false},"excerpt":{"rendered":"<p>Philippe Van Leeuw (2024) Belgique 1h36 Avec Vicky Krieps, Mike Wilson, Ezekiel Velasco Jessica Comley patrouille \u00e0 la fronti\u00e8re am\u00e9ricaine avec le Mexique l\u00e0 o\u00f9 des trafiquants de drogue et &#8230;<\/p>\n","protected":false},"author":1,"featured_media":4154,"comment_status":"closed","ping_status":"open","sticky":false,"template":"","format":"standard","meta":{"footnotes":""},"categories":[41],"tags":[],"class_list":["post-4094","post","type-post","status-publish","format-standard","has-post-thumbnail","hentry","category-programme-2025-2026"],"yoast_head":"<!-- This site is optimized with the Yoast SEO plugin v27.3 - https:\/\/yoast.com\/product\/yoast-seo-wordpress\/ -->\n<title>&quot;The Wall&quot; lundi 29 septembre 18h15 et 20h30<\/title>\n<meta name=\"robots\" content=\"index, follow, max-snippet:-1, max-image-preview:large, max-video-preview:-1\" \/>\n<link rel=\"canonical\" href=\"https:\/\/cineclubbedarieux.fr\/index.php\/2025\/06\/25\/the-wall-lundi-28-septembre-18h15-et-20h30\/\" \/>\n<meta property=\"og:locale\" content=\"fr_FR\" \/>\n<meta property=\"og:type\" content=\"article\" \/>\n<meta property=\"og:title\" content=\"&quot;The Wall&quot; lundi 29 septembre 18h15 et 20h30\" \/>\n<meta property=\"og:description\" content=\"Philippe Van Leeuw (2024) Belgique 1h36 Avec Vicky Krieps, Mike Wilson, Ezekiel Velasco Jessica Comley patrouille \u00e0 la fronti\u00e8re am\u00e9ricaine avec le Mexique l\u00e0 o\u00f9 des trafiquants de drogue et ...\" \/>\n<meta property=\"og:url\" content=\"https:\/\/cineclubbedarieux.fr\/index.php\/2025\/06\/25\/the-wall-lundi-28-septembre-18h15-et-20h30\/\" \/>\n<meta property=\"og:site_name\" content=\"CCB\" \/>\n<meta property=\"article:publisher\" content=\"https:\/\/www.facebook.com\/Cin%c3%a9-club-de-B%c3%a9darieux-107423303938487\" \/>\n<meta property=\"article:published_time\" content=\"2025-06-25T13:48:08+00:00\" \/>\n<meta property=\"article:modified_time\" content=\"2025-09-30T11:29:20+00:00\" \/>\n<meta property=\"og:image\" content=\"https:\/\/cineclubbedarieux.fr\/wp-content\/uploads\/2025\/06\/the-wall-aff.jpg\" \/>\n\t<meta property=\"og:image:width\" content=\"500\" \/>\n\t<meta property=\"og:image:height\" content=\"234\" \/>\n\t<meta property=\"og:image:type\" content=\"image\/jpeg\" \/>\n<meta name=\"author\" content=\"cineclubbedarieux\" \/>\n<meta name=\"twitter:card\" content=\"summary_large_image\" \/>\n<meta name=\"twitter:label1\" content=\"\u00c9crit par\" \/>\n\t<meta name=\"twitter:data1\" content=\"cineclubbedarieux\" \/>\n\t<meta name=\"twitter:label2\" content=\"Dur\u00e9e de lecture estim\u00e9e\" \/>\n\t<meta name=\"twitter:data2\" content=\"7 minutes\" \/>\n<script type=\"application\/ld+json\" class=\"yoast-schema-graph\">{\"@context\":\"https:\\\/\\\/schema.org\",\"@graph\":[{\"@type\":\"Article\",\"@id\":\"https:\\\/\\\/cineclubbedarieux.fr\\\/index.php\\\/2025\\\/06\\\/25\\\/the-wall-lundi-28-septembre-18h15-et-20h30\\\/#article\",\"isPartOf\":{\"@id\":\"https:\\\/\\\/cineclubbedarieux.fr\\\/index.php\\\/2025\\\/06\\\/25\\\/the-wall-lundi-28-septembre-18h15-et-20h30\\\/\"},\"author\":{\"name\":\"cineclubbedarieux\",\"@id\":\"https:\\\/\\\/cineclubbedarieux.fr\\\/#\\\/schema\\\/person\\\/f881352cb23c1a4938521c5ec75603d5\"},\"headline\":\"\u00ab\u00a0The Wall\u00a0\u00bb lundi 29 septembre 18h15 et 20h30\",\"datePublished\":\"2025-06-25T13:48:08+00:00\",\"dateModified\":\"2025-09-30T11:29:20+00:00\",\"mainEntityOfPage\":{\"@id\":\"https:\\\/\\\/cineclubbedarieux.fr\\\/index.php\\\/2025\\\/06\\\/25\\\/the-wall-lundi-28-septembre-18h15-et-20h30\\\/\"},\"wordCount\":1495,\"publisher\":{\"@id\":\"https:\\\/\\\/cineclubbedarieux.fr\\\/#organization\"},\"image\":{\"@id\":\"https:\\\/\\\/cineclubbedarieux.fr\\\/index.php\\\/2025\\\/06\\\/25\\\/the-wall-lundi-28-septembre-18h15-et-20h30\\\/#primaryimage\"},\"thumbnailUrl\":\"https:\\\/\\\/cineclubbedarieux.fr\\\/wp-content\\\/uploads\\\/2025\\\/06\\\/the-wall-aff.jpg\",\"articleSection\":[\"PROGRAMME 2025-2026\"],\"inLanguage\":\"fr-FR\"},{\"@type\":\"WebPage\",\"@id\":\"https:\\\/\\\/cineclubbedarieux.fr\\\/index.php\\\/2025\\\/06\\\/25\\\/the-wall-lundi-28-septembre-18h15-et-20h30\\\/\",\"url\":\"https:\\\/\\\/cineclubbedarieux.fr\\\/index.php\\\/2025\\\/06\\\/25\\\/the-wall-lundi-28-septembre-18h15-et-20h30\\\/\",\"name\":\"\\\"The Wall\\\" lundi 29 septembre 18h15 et 20h30\",\"isPartOf\":{\"@id\":\"https:\\\/\\\/cineclubbedarieux.fr\\\/#website\"},\"primaryImageOfPage\":{\"@id\":\"https:\\\/\\\/cineclubbedarieux.fr\\\/index.php\\\/2025\\\/06\\\/25\\\/the-wall-lundi-28-septembre-18h15-et-20h30\\\/#primaryimage\"},\"image\":{\"@id\":\"https:\\\/\\\/cineclubbedarieux.fr\\\/index.php\\\/2025\\\/06\\\/25\\\/the-wall-lundi-28-septembre-18h15-et-20h30\\\/#primaryimage\"},\"thumbnailUrl\":\"https:\\\/\\\/cineclubbedarieux.fr\\\/wp-content\\\/uploads\\\/2025\\\/06\\\/the-wall-aff.jpg\",\"datePublished\":\"2025-06-25T13:48:08+00:00\",\"dateModified\":\"2025-09-30T11:29:20+00:00\",\"breadcrumb\":{\"@id\":\"https:\\\/\\\/cineclubbedarieux.fr\\\/index.php\\\/2025\\\/06\\\/25\\\/the-wall-lundi-28-septembre-18h15-et-20h30\\\/#breadcrumb\"},\"inLanguage\":\"fr-FR\",\"potentialAction\":[{\"@type\":\"ReadAction\",\"target\":[\"https:\\\/\\\/cineclubbedarieux.fr\\\/index.php\\\/2025\\\/06\\\/25\\\/the-wall-lundi-28-septembre-18h15-et-20h30\\\/\"]}]},{\"@type\":\"ImageObject\",\"inLanguage\":\"fr-FR\",\"@id\":\"https:\\\/\\\/cineclubbedarieux.fr\\\/index.php\\\/2025\\\/06\\\/25\\\/the-wall-lundi-28-septembre-18h15-et-20h30\\\/#primaryimage\",\"url\":\"https:\\\/\\\/cineclubbedarieux.fr\\\/wp-content\\\/uploads\\\/2025\\\/06\\\/the-wall-aff.jpg\",\"contentUrl\":\"https:\\\/\\\/cineclubbedarieux.fr\\\/wp-content\\\/uploads\\\/2025\\\/06\\\/the-wall-aff.jpg\",\"width\":500,\"height\":234},{\"@type\":\"BreadcrumbList\",\"@id\":\"https:\\\/\\\/cineclubbedarieux.fr\\\/index.php\\\/2025\\\/06\\\/25\\\/the-wall-lundi-28-septembre-18h15-et-20h30\\\/#breadcrumb\",\"itemListElement\":[{\"@type\":\"ListItem\",\"position\":1,\"name\":\"Accueil\",\"item\":\"https:\\\/\\\/cineclubbedarieux.fr\\\/\"},{\"@type\":\"ListItem\",\"position\":2,\"name\":\"\u00ab\u00a0The Wall\u00a0\u00bb lundi 29 septembre 18h15 et 20h30\"}]},{\"@type\":\"WebSite\",\"@id\":\"https:\\\/\\\/cineclubbedarieux.fr\\\/#website\",\"url\":\"https:\\\/\\\/cineclubbedarieux.fr\\\/\",\"name\":\"CCB\",\"description\":\"acceuil\",\"publisher\":{\"@id\":\"https:\\\/\\\/cineclubbedarieux.fr\\\/#organization\"},\"potentialAction\":[{\"@type\":\"SearchAction\",\"target\":{\"@type\":\"EntryPoint\",\"urlTemplate\":\"https:\\\/\\\/cineclubbedarieux.fr\\\/?s={search_term_string}\"},\"query-input\":{\"@type\":\"PropertyValueSpecification\",\"valueRequired\":true,\"valueName\":\"search_term_string\"}}],\"inLanguage\":\"fr-FR\"},{\"@type\":\"Organization\",\"@id\":\"https:\\\/\\\/cineclubbedarieux.fr\\\/#organization\",\"name\":\"Cin\u00e9-club de B\u00e9darieux\",\"url\":\"https:\\\/\\\/cineclubbedarieux.fr\\\/\",\"logo\":{\"@type\":\"ImageObject\",\"inLanguage\":\"fr-FR\",\"@id\":\"https:\\\/\\\/cineclubbedarieux.fr\\\/#\\\/schema\\\/logo\\\/image\\\/\",\"url\":\"\",\"contentUrl\":\"\",\"caption\":\"Cin\u00e9-club de B\u00e9darieux\"},\"image\":{\"@id\":\"https:\\\/\\\/cineclubbedarieux.fr\\\/#\\\/schema\\\/logo\\\/image\\\/\"},\"sameAs\":[\"https:\\\/\\\/www.facebook.com\\\/Cin\u00e9-club-de-B\u00e9darieux-107423303938487\"]},{\"@type\":\"Person\",\"@id\":\"https:\\\/\\\/cineclubbedarieux.fr\\\/#\\\/schema\\\/person\\\/f881352cb23c1a4938521c5ec75603d5\",\"name\":\"cineclubbedarieux\",\"image\":{\"@type\":\"ImageObject\",\"inLanguage\":\"fr-FR\",\"@id\":\"https:\\\/\\\/secure.gravatar.com\\\/avatar\\\/e65d45ec8e98c1171075bbcd0850322bd1cd217b7fea453fa3da6208a47a73f5?s=96&d=mm&r=g\",\"url\":\"https:\\\/\\\/secure.gravatar.com\\\/avatar\\\/e65d45ec8e98c1171075bbcd0850322bd1cd217b7fea453fa3da6208a47a73f5?s=96&d=mm&r=g\",\"contentUrl\":\"https:\\\/\\\/secure.gravatar.com\\\/avatar\\\/e65d45ec8e98c1171075bbcd0850322bd1cd217b7fea453fa3da6208a47a73f5?s=96&d=mm&r=g\",\"caption\":\"cineclubbedarieux\"}}]}<\/script>\n<!-- \/ Yoast SEO plugin. -->","yoast_head_json":{"title":"\"The Wall\" lundi 29 septembre 18h15 et 20h30","robots":{"index":"index","follow":"follow","max-snippet":"max-snippet:-1","max-image-preview":"max-image-preview:large","max-video-preview":"max-video-preview:-1"},"canonical":"https:\/\/cineclubbedarieux.fr\/index.php\/2025\/06\/25\/the-wall-lundi-28-septembre-18h15-et-20h30\/","og_locale":"fr_FR","og_type":"article","og_title":"\"The Wall\" lundi 29 septembre 18h15 et 20h30","og_description":"Philippe Van Leeuw (2024) Belgique 1h36 Avec Vicky Krieps, Mike Wilson, Ezekiel Velasco Jessica Comley patrouille \u00e0 la fronti\u00e8re am\u00e9ricaine avec le Mexique l\u00e0 o\u00f9 des trafiquants de drogue et ...","og_url":"https:\/\/cineclubbedarieux.fr\/index.php\/2025\/06\/25\/the-wall-lundi-28-septembre-18h15-et-20h30\/","og_site_name":"CCB","article_publisher":"https:\/\/www.facebook.com\/Cin%c3%a9-club-de-B%c3%a9darieux-107423303938487","article_published_time":"2025-06-25T13:48:08+00:00","article_modified_time":"2025-09-30T11:29:20+00:00","og_image":[{"width":500,"height":234,"url":"https:\/\/cineclubbedarieux.fr\/wp-content\/uploads\/2025\/06\/the-wall-aff.jpg","type":"image\/jpeg"}],"author":"cineclubbedarieux","twitter_card":"summary_large_image","twitter_misc":{"\u00c9crit par":"cineclubbedarieux","Dur\u00e9e de lecture estim\u00e9e":"7 minutes"},"schema":{"@context":"https:\/\/schema.org","@graph":[{"@type":"Article","@id":"https:\/\/cineclubbedarieux.fr\/index.php\/2025\/06\/25\/the-wall-lundi-28-septembre-18h15-et-20h30\/#article","isPartOf":{"@id":"https:\/\/cineclubbedarieux.fr\/index.php\/2025\/06\/25\/the-wall-lundi-28-septembre-18h15-et-20h30\/"},"author":{"name":"cineclubbedarieux","@id":"https:\/\/cineclubbedarieux.fr\/#\/schema\/person\/f881352cb23c1a4938521c5ec75603d5"},"headline":"\u00ab\u00a0The Wall\u00a0\u00bb lundi 29 septembre 18h15 et 20h30","datePublished":"2025-06-25T13:48:08+00:00","dateModified":"2025-09-30T11:29:20+00:00","mainEntityOfPage":{"@id":"https:\/\/cineclubbedarieux.fr\/index.php\/2025\/06\/25\/the-wall-lundi-28-septembre-18h15-et-20h30\/"},"wordCount":1495,"publisher":{"@id":"https:\/\/cineclubbedarieux.fr\/#organization"},"image":{"@id":"https:\/\/cineclubbedarieux.fr\/index.php\/2025\/06\/25\/the-wall-lundi-28-septembre-18h15-et-20h30\/#primaryimage"},"thumbnailUrl":"https:\/\/cineclubbedarieux.fr\/wp-content\/uploads\/2025\/06\/the-wall-aff.jpg","articleSection":["PROGRAMME 2025-2026"],"inLanguage":"fr-FR"},{"@type":"WebPage","@id":"https:\/\/cineclubbedarieux.fr\/index.php\/2025\/06\/25\/the-wall-lundi-28-septembre-18h15-et-20h30\/","url":"https:\/\/cineclubbedarieux.fr\/index.php\/2025\/06\/25\/the-wall-lundi-28-septembre-18h15-et-20h30\/","name":"\"The Wall\" lundi 29 septembre 18h15 et 20h30","isPartOf":{"@id":"https:\/\/cineclubbedarieux.fr\/#website"},"primaryImageOfPage":{"@id":"https:\/\/cineclubbedarieux.fr\/index.php\/2025\/06\/25\/the-wall-lundi-28-septembre-18h15-et-20h30\/#primaryimage"},"image":{"@id":"https:\/\/cineclubbedarieux.fr\/index.php\/2025\/06\/25\/the-wall-lundi-28-septembre-18h15-et-20h30\/#primaryimage"},"thumbnailUrl":"https:\/\/cineclubbedarieux.fr\/wp-content\/uploads\/2025\/06\/the-wall-aff.jpg","datePublished":"2025-06-25T13:48:08+00:00","dateModified":"2025-09-30T11:29:20+00:00","breadcrumb":{"@id":"https:\/\/cineclubbedarieux.fr\/index.php\/2025\/06\/25\/the-wall-lundi-28-septembre-18h15-et-20h30\/#breadcrumb"},"inLanguage":"fr-FR","potentialAction":[{"@type":"ReadAction","target":["https:\/\/cineclubbedarieux.fr\/index.php\/2025\/06\/25\/the-wall-lundi-28-septembre-18h15-et-20h30\/"]}]},{"@type":"ImageObject","inLanguage":"fr-FR","@id":"https:\/\/cineclubbedarieux.fr\/index.php\/2025\/06\/25\/the-wall-lundi-28-septembre-18h15-et-20h30\/#primaryimage","url":"https:\/\/cineclubbedarieux.fr\/wp-content\/uploads\/2025\/06\/the-wall-aff.jpg","contentUrl":"https:\/\/cineclubbedarieux.fr\/wp-content\/uploads\/2025\/06\/the-wall-aff.jpg","width":500,"height":234},{"@type":"BreadcrumbList","@id":"https:\/\/cineclubbedarieux.fr\/index.php\/2025\/06\/25\/the-wall-lundi-28-septembre-18h15-et-20h30\/#breadcrumb","itemListElement":[{"@type":"ListItem","position":1,"name":"Accueil","item":"https:\/\/cineclubbedarieux.fr\/"},{"@type":"ListItem","position":2,"name":"\u00ab\u00a0The Wall\u00a0\u00bb lundi 29 septembre 18h15 et 20h30"}]},{"@type":"WebSite","@id":"https:\/\/cineclubbedarieux.fr\/#website","url":"https:\/\/cineclubbedarieux.fr\/","name":"CCB","description":"acceuil","publisher":{"@id":"https:\/\/cineclubbedarieux.fr\/#organization"},"potentialAction":[{"@type":"SearchAction","target":{"@type":"EntryPoint","urlTemplate":"https:\/\/cineclubbedarieux.fr\/?s={search_term_string}"},"query-input":{"@type":"PropertyValueSpecification","valueRequired":true,"valueName":"search_term_string"}}],"inLanguage":"fr-FR"},{"@type":"Organization","@id":"https:\/\/cineclubbedarieux.fr\/#organization","name":"Cin\u00e9-club de B\u00e9darieux","url":"https:\/\/cineclubbedarieux.fr\/","logo":{"@type":"ImageObject","inLanguage":"fr-FR","@id":"https:\/\/cineclubbedarieux.fr\/#\/schema\/logo\/image\/","url":"","contentUrl":"","caption":"Cin\u00e9-club de B\u00e9darieux"},"image":{"@id":"https:\/\/cineclubbedarieux.fr\/#\/schema\/logo\/image\/"},"sameAs":["https:\/\/www.facebook.com\/Cin\u00e9-club-de-B\u00e9darieux-107423303938487"]},{"@type":"Person","@id":"https:\/\/cineclubbedarieux.fr\/#\/schema\/person\/f881352cb23c1a4938521c5ec75603d5","name":"cineclubbedarieux","image":{"@type":"ImageObject","inLanguage":"fr-FR","@id":"https:\/\/secure.gravatar.com\/avatar\/e65d45ec8e98c1171075bbcd0850322bd1cd217b7fea453fa3da6208a47a73f5?s=96&d=mm&r=g","url":"https:\/\/secure.gravatar.com\/avatar\/e65d45ec8e98c1171075bbcd0850322bd1cd217b7fea453fa3da6208a47a73f5?s=96&d=mm&r=g","contentUrl":"https:\/\/secure.gravatar.com\/avatar\/e65d45ec8e98c1171075bbcd0850322bd1cd217b7fea453fa3da6208a47a73f5?s=96&d=mm&r=g","caption":"cineclubbedarieux"}}]}},"_links":{"self":[{"href":"https:\/\/cineclubbedarieux.fr\/index.php\/wp-json\/wp\/v2\/posts\/4094","targetHints":{"allow":["GET"]}}],"collection":[{"href":"https:\/\/cineclubbedarieux.fr\/index.php\/wp-json\/wp\/v2\/posts"}],"about":[{"href":"https:\/\/cineclubbedarieux.fr\/index.php\/wp-json\/wp\/v2\/types\/post"}],"author":[{"embeddable":true,"href":"https:\/\/cineclubbedarieux.fr\/index.php\/wp-json\/wp\/v2\/users\/1"}],"replies":[{"embeddable":true,"href":"https:\/\/cineclubbedarieux.fr\/index.php\/wp-json\/wp\/v2\/comments?post=4094"}],"version-history":[{"count":11,"href":"https:\/\/cineclubbedarieux.fr\/index.php\/wp-json\/wp\/v2\/posts\/4094\/revisions"}],"predecessor-version":[{"id":4401,"href":"https:\/\/cineclubbedarieux.fr\/index.php\/wp-json\/wp\/v2\/posts\/4094\/revisions\/4401"}],"wp:featuredmedia":[{"embeddable":true,"href":"https:\/\/cineclubbedarieux.fr\/index.php\/wp-json\/wp\/v2\/media\/4154"}],"wp:attachment":[{"href":"https:\/\/cineclubbedarieux.fr\/index.php\/wp-json\/wp\/v2\/media?parent=4094"}],"wp:term":[{"taxonomy":"category","embeddable":true,"href":"https:\/\/cineclubbedarieux.fr\/index.php\/wp-json\/wp\/v2\/categories?post=4094"},{"taxonomy":"post_tag","embeddable":true,"href":"https:\/\/cineclubbedarieux.fr\/index.php\/wp-json\/wp\/v2\/tags?post=4094"}],"curies":[{"name":"wp","href":"https:\/\/api.w.org\/{rel}","templated":true}]}}